[{"@context":"https:\/\/schema.org\/","@type":"Article","@id":"https:\/\/www.sines.sk\/bud-business-zena\/#Article","mainEntityOfPage":"https:\/\/www.sines.sk\/bud-business-zena\/","headline":"Bu\u010f Business \u017eena","name":"Bu\u010f Business \u017eena","description":"No zmeni\u0165 t\u00e9mu na kraj\u0161iu ideme p\u00edsa\u0165 o m\u00f3de to je tak\u00e1 v\u010fa\u010dn\u00e1 t\u00e9ma tam sa d\u00e1 p\u00edsa\u0165 milujem t\u00fato t\u00e9mu st\u00e1le sa d\u00e1 op\u00edsa\u0165 nie\u010do nov\u00e9. Dnes som k\u00fapila p\u00e1r bi\u017eut\u00e9rie kr\u00e1sny n\u00e1ramok , n\u00e1u\u0161nice a slne\u010dn\u00e9 okuliare a zauj\u00edmav\u00e9 pero je tvare \u017eirafy ale je to modr\u00e9 pero . Ale v\u017edy si sna\u017e\u00edm [&hellip;]","datePublished":"2023-10-06","dateModified":"2024-02-21","author":{"@type":"Person","@id":"https:\/\/www.sines.sk\/author\/#Person","name":"","url":"https:\/\/www.sines.sk\/author\/","identifier":1,"image":{"@type":"ImageObject","@id":"https:\/\/secure.gravatar.com\/avatar\/a4f7f6499f3b2a0764d0773f1f5d74780987cfbea7e736c0e74f6185bb257971?s=96&d=mm&r=g","url":"https:\/\/secure.gravatar.com\/avatar\/a4f7f6499f3b2a0764d0773f1f5d74780987cfbea7e736c0e74f6185bb257971?s=96&d=mm&r=g","height":96,"width":96}},"publisher":{"@type":"Organization","name":"sines.sk","logo":{"@type":"ImageObject","@id":"\/logo.png","url":"\/logo.png","width":600,"height":60}},"image":{"@type":"ImageObject","@id":"https:\/\/www.sines.sk\/wp-content\/uploads\/pexels-designecologist-887352%20(1)_1.jpg","url":"https:\/\/www.sines.sk\/wp-content\/uploads\/pexels-designecologist-887352%20(1)_1.jpg","height":0,"width":0},"url":"https:\/\/www.sines.sk\/bud-business-zena\/","about":["M\u00f3da"],"wordCount":480,"articleBody":"No zmeni\u0165 t\u00e9mu na kraj\u0161iu ideme p\u00edsa\u0165 o m\u00f3de to je tak\u00e1 v\u010fa\u010dn\u00e1 t\u00e9ma tam sa d\u00e1 p\u00edsa\u0165 milujem t\u00fato t\u00e9mu st\u00e1le sa d\u00e1 op\u00edsa\u0165 nie\u010do nov\u00e9. Dnes som k\u00fapila p\u00e1r bi\u017eut\u00e9rie kr\u00e1sny n\u00e1ramok , n\u00e1u\u0161nice a slne\u010dn\u00e9 okuliare a zauj\u00edmav\u00e9 pero je tvare \u017eirafy ale je to modr\u00e9 pero . Ale v\u017edy si sna\u017e\u00edm nie\u010do k\u00fapi\u0165 ke\u010f len mali\u010dkos\u0165 ako \u017ee pred\u010dasne VALENT\u00cdNA smiech k\u00fapila som si aj sladk\u00e9 na nervy z\u00e1kusok KR\u00c9ME\u0160, Makov\u00fa \u015aTRUDLU a k\u00e1vu \u010dakala som autobus domov. Moment\u00e1lne l\u00ed\u017eem L\u00cdZATKO. Na p\u00edsanie m\u00e1m teraz hodinu a pol potom o 19 hodine dou\u010dujem hodinu let\u00ed to moment\u00e1lne u\u010d\u00edm IMPRESIONIZMUS \u0161tudentku maturitn\u00e9ho ro\u010dn\u00edka. Ozaj nako\u013eko si hovor\u00edte \u017ee ste n\u00e1kupn\u00fd maniaci ja som \u0161ialen\u00e1 keby som mala neskuto\u010dne ve\u013ea pe\u0148az\u00ed tak otrieskam ka\u017ed\u00fd de\u0148 minim\u00e1lne 500 euro to by bolo fajn ale to by som musela zar\u00e1ba\u0165 ako na\u0161i poslanci alebo tak\u00e1 Adela Ban\u00e1\u0161ov\u00e1 ktor\u00e1 ni\u010d dokopy nerob\u00ed len trepe \u00fastami a zhrabne mili\u00f3ny NESPRAVODLIV\u00c9 smutn\u00e9.\u010co m\u00e1te radi ak\u00e9 n\u00e1kupy ja oble\u010denie, top\u00e1nky no proste v\u0161etko \u010do sa mi p\u00e1\u010di. Teraz som objednala mince set SEDEMBOLESTN\u00da PANU M\u00c1RIU a plus in\u00e9 mince kv\u00f4li mamine ona to zbiera . Kamo\u0161ka zbiera zn\u00e1mky ja som vo\u013eakedy tie\u017e ale chcem sa k tomu vr\u00e1ti\u0165 objednala som si dve zn\u00e1mky anjela zn\u00e1mku a COVID 19. Moja ob\u013e\u00faben\u00e1 here\u010dka Nemecka oslavuje \u010do skoro jubileum 80 rokov a je st\u00e1le COLL N\u00e1kupn\u00e1 mania\u010dka miluje m\u00f3du aj in\u00e9 ako ja rada ob\u010das sa in\u0161pirova\u0165 \u010do sa t\u00fdka m\u00f3dy r\u00f4znymi here\u010dkami ale hlavne \u010do sa mi p\u00e1\u010di a je cenovo dostupn\u00e9. Banujem vo\u013eakedy som mala prav\u00fd ko\u017euch \u017ee som ho dala pre\u010d u\u017e sa mi to potom prestalo p\u00e1\u010di\u0165. Milujem okuliare ak\u00e9ko\u013evek tvare . Je to tak\u00e9 sladk\u00e9 m\u00e1menie ja som tak\u00e1 \u017ee aj oby\u010dajn\u00e9 pero pokia\u013e m\u00e1 neoby\u010dajn\u00fd dizajn si k\u00fapim . E\u0161te po\u010dkajme m\u00e1m takmer o dva t\u00fd\u017edne Valent\u00edna pozvem baby urob\u00edme babsk\u00fa jazdu budeme odet\u00e9 v \u010dervenej farbe smiech ke\u010f aj chlapi nie s\u00fa na bl\u00edzku urob\u00edme si my \u017eeny sviatok za\u013e\u00faben\u00fdch a v mesiaci marec sa te\u0161\u00edm na MD\u0179 rada oslavujem ka\u017ed\u00fd sviatok v roku a obdarova\u0165 sa . M\u00f4\u017ee\u0161 by\u0165 madam \u010di Lady aj za p\u00e1r eur rozto\u010de to ka\u017ed\u00fd de\u0148 v roku nebu\u010f ako sedliak ktor\u00fd nedb\u00e1 o seba. \u017dena by mala by by\u0165 kr\u00e1sna a ulahodi\u0165 oku.                                                                                                                                                                                                                                                                                                                                                                                                "},{"@context":"https:\/\/schema.org\/","@type":"BreadcrumbList","itemListElement":[{"@type":"ListItem","position":1,"name":"Bu\u010f Business \u017eena","item":"https:\/\/www.sines.sk\/bud-business-zena\/#breadcrumbitem"}]}]